{"id":994,"date":"2020-08-29T15:53:36","date_gmt":"2020-08-29T13:53:36","guid":{"rendered":"http:\/\/localhost:8888\/mjb\/vernissage-aviv-szabs-horizontal-mattress\/"},"modified":"2022-03-22T17:09:39","modified_gmt":"2022-03-22T16:09:39","slug":"vernissage-aviv-szabs-horizontal-mattress","status":"publish","type":"post","link":"https:\/\/www.mjb-jmb.org\/nl\/vernissage-aviv-szabs-horizontal-mattress\/","title":{"rendered":"Vernissage | Aviv Szabs \u2013 Horizontal Mattress"},"content":{"rendered":"\n<p>Vernissage de l\u2019exposion \u00ab Horizontal Mattress \u00bb de l\u2019artiste isra\u00e9lienne Aviv Szabs.<\/p>\n\n\n\n<p>La jeune plasticienne (1992) d\u00e9veloppe ici une cr\u00e9ation in\u00e9dite, dans le contexte d\u2019un projet initi\u00e9 il y a trois ans \u00e0 Tel Aviv. Tout part d\u2019une vision&nbsp;presque banale : un matelas jauni par le temps, abandonn\u00e9 dans la rue au milieu des ordures. Une image qui soudainement la bouleverse et l\u2019interpelle. Que va devenir cet objet qui a abrit\u00e9 l\u2019intimit\u00e9&nbsp;? C\u2019est le d\u00e9but d\u2019une enqu\u00eate au c\u0153ur de la mati\u00e8re us\u00e9e et orpheline, qu\u2019elle questionne et r\u00e9habilite jusqu\u2019\u00e0 l\u2019obsession.&nbsp;Une \u0153uvre \u00e0 mi-chemin entre installation et performance, qui nous invite \u00e0 penser le matelas, \u00e9l\u00e9ment mat\u00e9riel de notre quotidien, comme objet organique, porteur de m\u00e9moire et de lien.<\/p>\n\n\n\n<p>\u00a9 Aviv Szabs<\/p>\n","protected":false},"excerpt":{"rendered":"<p>Vernissage de l\u2019exposion \u00ab Horizontal Mattress \u00bb de l\u2019artiste isra\u00e9lienne Aviv Szabs. La jeune plasticienne (1992) d\u00e9veloppe ici une cr\u00e9ation&#8230;<\/p>\n","protected":false},"author":1,"featured_media":5508,"comment_status":"open","ping_status":"open","sticky":false,"template":"","format":"standard","meta":{"footnotes":""},"categories":[19],"tags":[25],"class_list":["post-994","post","type-post","status-publish","format-standard","has-post-thumbnail","hentry","category-evenementen","tag-aviv-szabs-horizontal-mattress-nl"],"acf":[],"_links":{"self":[{"href":"https:\/\/www.mjb-jmb.org\/nl\/wp-json\/wp\/v2\/posts\/994","targetHints":{"allow":["GET"]}}],"collection":[{"href":"https:\/\/www.mjb-jmb.org\/nl\/wp-json\/wp\/v2\/posts"}],"about":[{"href":"https:\/\/www.mjb-jmb.org\/nl\/wp-json\/wp\/v2\/types\/post"}],"author":[{"embeddable":true,"href":"https:\/\/www.mjb-jmb.org\/nl\/wp-json\/wp\/v2\/users\/1"}],"replies":[{"embeddable":true,"href":"https:\/\/www.mjb-jmb.org\/nl\/wp-json\/wp\/v2\/comments?post=994"}],"version-history":[{"count":0,"href":"https:\/\/www.mjb-jmb.org\/nl\/wp-json\/wp\/v2\/posts\/994\/revisions"}],"wp:featuredmedia":[{"embeddable":true,"href":"https:\/\/www.mjb-jmb.org\/nl\/wp-json\/wp\/v2\/media\/5508"}],"wp:attachment":[{"href":"https:\/\/www.mjb-jmb.org\/nl\/wp-json\/wp\/v2\/media?parent=994"}],"wp:term":[{"taxonomy":"category","embeddable":true,"href":"https:\/\/www.mjb-jmb.org\/nl\/wp-json\/wp\/v2\/categories?post=994"},{"taxonomy":"post_tag","embeddable":true,"href":"https:\/\/www.mjb-jmb.org\/nl\/wp-json\/wp\/v2\/tags?post=994"}],"curies":[{"name":"wp","href":"https:\/\/api.w.org\/{rel}","templated":true}]}}