{"id":6080,"date":"2022-08-23T13:19:34","date_gmt":"2022-08-23T11:19:34","guid":{"rendered":"https:\/\/www.mjb-jmb.org\/font-face-font-familycambria-math-panose-12-4-5-3-5-4-6-3-2-4-mso-font-charset0-mso-generic-font-familyroman-mso-font-pitchvariable-mso-font-signature-536870145-1107305727-0-0-4\/"},"modified":"2023-09-18T10:44:59","modified_gmt":"2023-09-18T08:44:59","slug":"font-face-font-familycambria-math-panose-12-4-5-3-5-4-6-3-2-4-mso-font-charset0-mso-generic-font-familyroman-mso-font-pitchvariable-mso-font-signature-536870145-1107305727-0-0-4","status":"publish","type":"post","link":"https:\/\/www.mjb-jmb.org\/nl\/font-face-font-familycambria-math-panose-12-4-5-3-5-4-6-3-2-4-mso-font-charset0-mso-generic-font-familyroman-mso-font-pitchvariable-mso-font-signature-536870145-1107305727-0-0-4\/","title":{"rendered":"OOSTENDE, HET LAM GODS \u2013 Het strandaltaar, Jacques Aron en zijn gasten"},"content":{"rendered":"\n<p>Jacques Aron (Anvers 1933). Architecte et urbaniste, il a enseign\u00e9 l&#8217;histoire et la th\u00e9orie de ces disciplines. Professeur honoraire de l\u2019Enseignement sup\u00e9rieur, il se consacre depuis toujours \u00e0 l\u2019\u00e9criture et aux arts visuels. \u00a0Il est \u00e9galement auteur de nombreux ouvrages traitant d\u2019architecture, de philosophie, de <s>la<\/s> jud\u00e9it\u00e9 et de <s>la<\/s> condition juive, particuli\u00e8rement dans les pays de culture germanique.<\/p>\n\n<p>A partir des ann\u00e9es 1990, il s\u2019essaye au collage d\u2019abord papier mais bient\u00f4t num\u00e9rique. Cette pratique artistique vient conforter et compl\u00e9ter ses recherches sur une conception philosophique globale consacr\u00e9e \u00e0 la condition juive europ\u00e9enne.<\/p>\n\n<p>Passionn\u00e9 de peinture et d\u2019histoire de la peinture occidentale, cet artiste autodidacte s\u2019est saisi d\u2019une opportunit\u00e9 cr\u00e9ative\u00a0: la sculpture pos\u00e9e sur la plage d\u2019Ostende de l\u2019artiste Kris Martin qui reprend, en acier oxyd\u00e9, la forme de l\u2019encadrement du polyptyque de l\u2019Agneau Mystique des fr\u00e8res Van Eyck.<\/p>\n\n<p>L\u2019<em>autel<\/em> de la plage \u00e0 Ostende est un clin d\u2019\u0153il tir\u00e9 du nom que Kris Martin a donn\u00e9 \u00e0 sa sculpture plant\u00e9e sur la plage devant l\u2019h\u00f4tel du Palais des Thermes. Ce cadre vide offre aux promeneurs la possibilit\u00e9 de l\u2019utiliser comme autant de fen\u00eatres \u00e9voquant diff\u00e9rents paysages de marines qui \u00e9voluent, au gr\u00e9 de la luminosit\u00e9 du jour et des saisons.\u00a0<\/p>\n\n<p>Ou peut-\u00eatre est-il pour eux une \u00e9nigme, ou encore une structure leur permettant de l\u2019utiliser comme support d\u2019exercices physiques, voire d\u2019y prendre une souvenir photo, ou de s\u2019auto photographier \u00e0 l\u2019\u00e8re contemporaine des selfies\u00a0?<\/p>\n\n<p>Dans cette s\u00e9rie de collages, il rapproche l\u2019id\u00e9e du cadre vide \u00e0 celle de la mort de Dieu, telle qu\u2019\u00e9crite notamment par Nietzsche. Le cadre devenu b\u00e9ant, il laisse la possibilit\u00e9 \u00e0 l\u2019imaginaire de l\u2019artiste collagiste d\u2019y placer une multitude de th\u00e8mes tir\u00e9s parfois d\u2019\u0153uvres d\u2019autres peintres c\u00e9l\u00e8bres tels Ensor, Magritte, Bruegel, Poussin, G\u00e9ricault, Millet, et d\u2019autres, qui c\u00f4toient avec beaucoup d\u2019humour certains personnages des fr\u00e8res Van Eyck ou encore d\u2019autres th\u00e8mes n\u00e9s de sa grande culture litt\u00e9raire.<\/p>\n\n<p>A travers les diff\u00e9rentes \u0153uvres propos\u00e9es, le visiteur est invit\u00e9 \u00e0 tenter de d\u00e9couvrir quels artistes figurent dans quels collages.<\/p>\n","protected":false},"excerpt":{"rendered":"<p>Jacques Aron (Anvers 1933). Architecte et urbaniste, il a enseign\u00e9 l&#8217;histoire et la th\u00e9orie de ces disciplines. Professeur honoraire de&#8230;<\/p>\n","protected":false},"author":2,"featured_media":6073,"comment_status":"open","ping_status":"open","sticky":false,"template":"","format":"standard","meta":{"footnotes":""},"categories":[20],"tags":[],"class_list":["post-6080","post","type-post","status-publish","format-standard","has-post-thumbnail","hentry","category-tentoonstellingen"],"acf":[],"_links":{"self":[{"href":"https:\/\/www.mjb-jmb.org\/nl\/wp-json\/wp\/v2\/posts\/6080","targetHints":{"allow":["GET"]}}],"collection":[{"href":"https:\/\/www.mjb-jmb.org\/nl\/wp-json\/wp\/v2\/posts"}],"about":[{"href":"https:\/\/www.mjb-jmb.org\/nl\/wp-json\/wp\/v2\/types\/post"}],"author":[{"embeddable":true,"href":"https:\/\/www.mjb-jmb.org\/nl\/wp-json\/wp\/v2\/users\/2"}],"replies":[{"embeddable":true,"href":"https:\/\/www.mjb-jmb.org\/nl\/wp-json\/wp\/v2\/comments?post=6080"}],"version-history":[{"count":4,"href":"https:\/\/www.mjb-jmb.org\/nl\/wp-json\/wp\/v2\/posts\/6080\/revisions"}],"predecessor-version":[{"id":7848,"href":"https:\/\/www.mjb-jmb.org\/nl\/wp-json\/wp\/v2\/posts\/6080\/revisions\/7848"}],"wp:featuredmedia":[{"embeddable":true,"href":"https:\/\/www.mjb-jmb.org\/nl\/wp-json\/wp\/v2\/media\/6073"}],"wp:attachment":[{"href":"https:\/\/www.mjb-jmb.org\/nl\/wp-json\/wp\/v2\/media?parent=6080"}],"wp:term":[{"taxonomy":"category","embeddable":true,"href":"https:\/\/www.mjb-jmb.org\/nl\/wp-json\/wp\/v2\/categories?post=6080"},{"taxonomy":"post_tag","embeddable":true,"href":"https:\/\/www.mjb-jmb.org\/nl\/wp-json\/wp\/v2\/tags?post=6080"}],"curies":[{"name":"wp","href":"https:\/\/api.w.org\/{rel}","templated":true}]}}