{"id":12409,"date":"2025-10-22T13:44:32","date_gmt":"2025-10-22T11:44:32","guid":{"rendered":"https:\/\/www.mjb-jmb.org\/le-musee-juif-de-belgique-sinstalle-au-musee-art-et-marges-avec-lexposition-aussi-loin-quici\/"},"modified":"2025-10-28T13:16:52","modified_gmt":"2025-10-28T12:16:52","slug":"le-musee-juif-de-belgique-sinstalle-au-musee-art-et-marges-avec-lexposition-aussi-loin-quici","status":"publish","type":"post","link":"https:\/\/www.mjb-jmb.org\/nl\/le-musee-juif-de-belgique-sinstalle-au-musee-art-et-marges-avec-lexposition-aussi-loin-quici\/","title":{"rendered":"Het Joods Museum van Belgi\u00eb vestigt zich in het Mus\u00e9e Art et Marges met de tentoonstelling \u201cAussi loin qu&#8217;ici\u201d"},"content":{"rendered":"\n<h1 class=\"wp-block-heading\">AUSSI LOIN QU\u2019ICI  13.11.2025\u201429.03.2026<\/h1>\n\n\n\n<p><strong>Het Joods Museum van Belgi\u00eb vestigt zich in het Mus\u00e9e Art et Marges met de tentoonstelling \u201cAussi loin qu&#8217;ici\u201d (Zo ver als hier)<\/strong>.<\/p>\n\n\n\n<p>Voor het tweede deel van de tentoonstelling \u201c<strong>Aussi loin qu&#8217;ici\u201d<\/strong> (Zo ver als hier) biedt het Joods Museum van Belgi\u00eb een unieke dialoog rond herinnering en territorium.<\/p>\n\n\n\n<p>Met Fool&#8217;s Paradise cre\u00ebert <strong>Angyvir Padilla<\/strong> (1987, Venezuela) een gefragmenteerd landschap waarin ballingschap, verlies en materie samenkomen. Op de grond liggen zwarte kolen, verbrande resten, waarop keramische vormen rusten, als lichamen die op het punt staan in te storten maar nog overeind blijven. Dit onstabiele territorium wordt doorkruist door een stem, die van de kunstenaar, die een Venezolaanse melodie zingt. Het landschap wordt een emotionele en politieke ruimte, doorkruist door ru\u00efnes, herinneringen en reconstructies. Tussen hier en elders, tussen aanwezigheid en afwezigheid, cre\u00ebert Padilla een veranderlijk \u2018thuis\u2019, gevormd door de sporen en gebaren van het dagelijks leven.<\/p>\n\n\n\n<p>Ook bij <strong>Jim Kaliski<\/strong> (1929-2015, Belgi\u00eb) vormt het grondgebied een veld van herinnering en verzet. Zijn eerste serie verwijst naar de vormende ervaring van zijn kindertijd, die getekend werd door de Shoah: als verborgen joods kind ontsnapte hij aan deportatie, terwijl zijn vader in Auschwitz werd vermoord. Later, op meer dan zestigjarige leeftijd, wendde hij zich als autodidact tot het tekenen, alsof hij opnieuw een dialoog met de wereld wilde aangaan. Zijn werken, doordrongen van een obsessie voor detail, trachten het onuitsprekelijke vorm te geven en de herinnering in de handeling vast te leggen. De tweede reeks, gewijd aan het geweld in Algerije in de jaren 1990, breidt deze herinnering uit naar andere geografische gebieden en maakt van het intieme een prisma om de tragedies van de 20e eeuw te interpreteren. In deze tekeningen, die dicht bij de mensen en plaatsen staan, legt Kaliski een stille solidariteit tussen de slachtoffers vast en herinnert hij eraan dat \u201calle witgewassen lichamen van alle genocides op elkaar lijken en samenkomen\u201d.<\/p>\n\n\n\n<p>De praktijken van Angyvir Padilla en Jim Kaliski, die formeel ver uit elkaar liggen, komen samen in eenzelfde aandacht voor het territorium als plaats van herinnering. Het elders verweeft zich met het hier, de sporen van het verleden doorkruisen het heden, het intieme wordt geschiedenis. Herinnering is niet langer alleen een getuigenis, maar een daad van verzet \u2013 een manier om anders in het heden te leven. Toch blijft er een prangende vraag: hoe kun je je thuis voelen in een wereld die gekenmerkt wordt door ontheemding en verlies?<\/p>\n\n\n\n<p>***<\/p>\n\n\n\n<p><strong>Angyvir Padilla <\/strong>(1987, Venezuela) is een kunstenares die vaak installaties combineert met beeldhouwkunst, performance, foto, video en geluid. Ze neemt huiselijke elementen uit haar jeugd in Venezuela als uitgangspunt en transponeert die naar een andere omgeving: ze probeert de indruk van familiale intimiteit te herscheppen om een spoor te bewaren van wat ooit heeft bestaan, en tegelijk nieuwe verhalen van persoonlijke verzoening te openen. Het thema migratie wordt benaderd vanuit haar eigen ervaring, maar soms ook via vrouwelijke figuren uit haar familie, en door het gebruik van stem en materiaal als dragers van herinneringen. Deze persoonlijke sporen, die in een andere culturele context nieuw leven worden ingeblazen, stellen de vraag hoe ervaringen uit het verleden ons helpen om ons in de wereld te verankeren.<\/p>\n\n\n\n<p><strong>Jim Kaliski <\/strong>(1929 \u2013 2015, Belgi\u00eb) is een autodidactisch kunstenaar wiens parcours diep getekend is door de Shoah. Hij werd geboren in een joodse familie en moest onderduiken om aan deportatie te ontsnappen, terwijl zijn vader werd gearresteerd en vermoord in Auschwitz. Deze ervaring in zijn tienerjaren zou hem zijn hele leven tekenen, maar pas op zestigjarige leeftijd begon hij te tekenen om (zijn) verhaal te vertellen. Met zijn hypermnesisch geheugen getuigt hij van het geweld van zijn eeuw als een manier om zijn persoonlijke ervaring te overstijgen. Zijn duizenden tekeningen herinneren er volgens zijn eigen woorden aan dat \u201calle witgewassen lichamen van alle genocides op elkaar lijken en samenkomen in de stank en de gruwel\u201d.<\/p>\n\n\n\n<p>***<\/p>\n\n\n\n<p><strong>DONDERDAG 13\u00b711\u00b72025 18:00\u201420:30 <\/strong><\/p>\n\n\n\n<p>Met de werken van Yassir Amazine, Aim\u00e9 Bahati, Nour Ben Slimane, Sergio Carrasco Olave, Georges Cauchy, Sylvain Corentin, Adam Cicherski, Sylvain Cosijns, Heide De Bruyne, Germana Dragna, Sebasti\u00e1n Ferreira, Michael Golz, Juanma Gonzalez, Richard Greaves, Julie Hasco\u00ebt, Josef Hofer, Jeroen Hollander, Jim Kaliski, C\u00f4me Lequin, Maxime Mormont, Rapha\u00ebl Michel, Ludovic Mennesson, Mark Anthony Mulligan, Micha\u00ebl Mvukani Mpiolani, Fernando Oreste Nannetti, Helmut Nimczewski, Angyvir Padilla, Ad\u00e8le Pion, Andr\u00e9 Prues, Melina Riccio, Andr\u00e9 Robillard, Jean-Pierre Rostenne, Marie Steins, Mohammed Targa, Donatien Toma Ndani Djemelas, Koki Ueshima, Warren Van Ess, Willem Van Genk, G\u00e9rard Van Lankveld, Marc Vervloet.<\/p>\n\n\n\n<figure class=\"wp-block-gallery has-nested-images columns-default is-cropped wp-block-gallery-1 is-layout-flex wp-block-gallery-is-layout-flex\">\n<figure class=\"wp-block-image size-large\"><img loading=\"lazy\" decoding=\"async\" width=\"1001\" height=\"1500\" data-id=\"12394\" src=\"https:\/\/www.mjb-jmb.org\/wp-content\/uploads\/2025\/10\/2.-Angyvir-Padilla-Fools-Paradise-2018-\u00a9-Chantal-van-Rij-1001x1500.jpg\" alt=\"\" class=\"wp-image-12394\" srcset=\"https:\/\/www.mjb-jmb.org\/wp-content\/uploads\/2025\/10\/2.-Angyvir-Padilla-Fools-Paradise-2018-\u00a9-Chantal-van-Rij-1001x1500.jpg 1001w, https:\/\/www.mjb-jmb.org\/wp-content\/uploads\/2025\/10\/2.-Angyvir-Padilla-Fools-Paradise-2018-\u00a9-Chantal-van-Rij-667x1000.jpg 667w, https:\/\/www.mjb-jmb.org\/wp-content\/uploads\/2025\/10\/2.-Angyvir-Padilla-Fools-Paradise-2018-\u00a9-Chantal-van-Rij-768x1151.jpg 768w, https:\/\/www.mjb-jmb.org\/wp-content\/uploads\/2025\/10\/2.-Angyvir-Padilla-Fools-Paradise-2018-\u00a9-Chantal-van-Rij-1025x1536.jpg 1025w, https:\/\/www.mjb-jmb.org\/wp-content\/uploads\/2025\/10\/2.-Angyvir-Padilla-Fools-Paradise-2018-\u00a9-Chantal-van-Rij-1367x2048.jpg 1367w, https:\/\/www.mjb-jmb.org\/wp-content\/uploads\/2025\/10\/2.-Angyvir-Padilla-Fools-Paradise-2018-\u00a9-Chantal-van-Rij-1200x1798.jpg 1200w, https:\/\/www.mjb-jmb.org\/wp-content\/uploads\/2025\/10\/2.-Angyvir-Padilla-Fools-Paradise-2018-\u00a9-Chantal-van-Rij.jpg 1500w\" sizes=\"auto, (max-width: 1001px) 100vw, 1001px\" \/><figcaption class=\"wp-element-caption\">Angyvir Padilla, Fool&#8217;s Paradise, 2018 \u00a9 Chantal van Rij<\/figcaption><\/figure>\n\n\n\n<figure class=\"wp-block-image size-large\"><img loading=\"lazy\" decoding=\"async\" width=\"1500\" height=\"1000\" data-id=\"12400\" src=\"https:\/\/www.mjb-jmb.org\/wp-content\/uploads\/2025\/10\/7.-Angyvir-Padilla-Fools-Paradise-2018-\u00a9-Silvia-Cappellari-2-1500x1000.jpg\" alt=\"\" class=\"wp-image-12400\" srcset=\"https:\/\/www.mjb-jmb.org\/wp-content\/uploads\/2025\/10\/7.-Angyvir-Padilla-Fools-Paradise-2018-\u00a9-Silvia-Cappellari-2-1500x1000.jpg 1500w, https:\/\/www.mjb-jmb.org\/wp-content\/uploads\/2025\/10\/7.-Angyvir-Padilla-Fools-Paradise-2018-\u00a9-Silvia-Cappellari-2-1000x667.jpg 1000w, https:\/\/www.mjb-jmb.org\/wp-content\/uploads\/2025\/10\/7.-Angyvir-Padilla-Fools-Paradise-2018-\u00a9-Silvia-Cappellari-2-768x512.jpg 768w, https:\/\/www.mjb-jmb.org\/wp-content\/uploads\/2025\/10\/7.-Angyvir-Padilla-Fools-Paradise-2018-\u00a9-Silvia-Cappellari-2-1536x1024.jpg 1536w\" sizes=\"auto, (max-width: 1500px) 100vw, 1500px\" \/><figcaption class=\"wp-element-caption\">Angyvir Padilla, Fool&#8217;s Paradise, 2018 \u00a9 Silvia Cappellari<\/figcaption><\/figure>\n\n\n\n<figure class=\"wp-block-image size-large\"><img loading=\"lazy\" decoding=\"async\" width=\"1000\" height=\"1500\" data-id=\"12385\" src=\"https:\/\/www.mjb-jmb.org\/wp-content\/uploads\/2025\/10\/4-Angyvir-Padilla-Fools-Paradise-2018-\u00a9-Jean-Christophe-Lettt-1000x1500.jpg\" alt=\"\" class=\"wp-image-12385\" srcset=\"https:\/\/www.mjb-jmb.org\/wp-content\/uploads\/2025\/10\/4-Angyvir-Padilla-Fools-Paradise-2018-\u00a9-Jean-Christophe-Lettt-1000x1500.jpg 1000w, https:\/\/www.mjb-jmb.org\/wp-content\/uploads\/2025\/10\/4-Angyvir-Padilla-Fools-Paradise-2018-\u00a9-Jean-Christophe-Lettt-667x1000.jpg 667w, https:\/\/www.mjb-jmb.org\/wp-content\/uploads\/2025\/10\/4-Angyvir-Padilla-Fools-Paradise-2018-\u00a9-Jean-Christophe-Lettt-768x1152.jpg 768w, https:\/\/www.mjb-jmb.org\/wp-content\/uploads\/2025\/10\/4-Angyvir-Padilla-Fools-Paradise-2018-\u00a9-Jean-Christophe-Lettt-1024x1536.jpg 1024w, https:\/\/www.mjb-jmb.org\/wp-content\/uploads\/2025\/10\/4-Angyvir-Padilla-Fools-Paradise-2018-\u00a9-Jean-Christophe-Lettt-1365x2048.jpg 1365w, https:\/\/www.mjb-jmb.org\/wp-content\/uploads\/2025\/10\/4-Angyvir-Padilla-Fools-Paradise-2018-\u00a9-Jean-Christophe-Lettt-1200x1800.jpg 1200w, https:\/\/www.mjb-jmb.org\/wp-content\/uploads\/2025\/10\/4-Angyvir-Padilla-Fools-Paradise-2018-\u00a9-Jean-Christophe-Lettt-scaled.jpg 1707w\" sizes=\"auto, (max-width: 1000px) 100vw, 1000px\" \/><figcaption class=\"wp-element-caption\">Angyvir Padilla, Fool&#8217;s Paradise, 2018 \u00a9 Jean-Christophe Lettt<\/figcaption><\/figure>\n\n\n\n<figure class=\"wp-block-image size-large\"><img loading=\"lazy\" decoding=\"async\" width=\"1500\" height=\"1000\" data-id=\"12388\" src=\"https:\/\/www.mjb-jmb.org\/wp-content\/uploads\/2025\/10\/5.-Angyvir-Padilla-Fools-Paradise-2018-\u00a9-Jean-Christophe-Lett-2-1500x1000.jpg\" alt=\"\" class=\"wp-image-12388\" srcset=\"https:\/\/www.mjb-jmb.org\/wp-content\/uploads\/2025\/10\/5.-Angyvir-Padilla-Fools-Paradise-2018-\u00a9-Jean-Christophe-Lett-2-1500x1000.jpg 1500w, https:\/\/www.mjb-jmb.org\/wp-content\/uploads\/2025\/10\/5.-Angyvir-Padilla-Fools-Paradise-2018-\u00a9-Jean-Christophe-Lett-2-1000x667.jpg 1000w, https:\/\/www.mjb-jmb.org\/wp-content\/uploads\/2025\/10\/5.-Angyvir-Padilla-Fools-Paradise-2018-\u00a9-Jean-Christophe-Lett-2-768x512.jpg 768w, https:\/\/www.mjb-jmb.org\/wp-content\/uploads\/2025\/10\/5.-Angyvir-Padilla-Fools-Paradise-2018-\u00a9-Jean-Christophe-Lett-2-1536x1024.jpg 1536w, https:\/\/www.mjb-jmb.org\/wp-content\/uploads\/2025\/10\/5.-Angyvir-Padilla-Fools-Paradise-2018-\u00a9-Jean-Christophe-Lett-2-2048x1365.jpg 2048w, https:\/\/www.mjb-jmb.org\/wp-content\/uploads\/2025\/10\/5.-Angyvir-Padilla-Fools-Paradise-2018-\u00a9-Jean-Christophe-Lett-2-1200x800.jpg 1200w, https:\/\/www.mjb-jmb.org\/wp-content\/uploads\/2025\/10\/5.-Angyvir-Padilla-Fools-Paradise-2018-\u00a9-Jean-Christophe-Lett-2-1980x1320.jpg 1980w\" sizes=\"auto, (max-width: 1500px) 100vw, 1500px\" \/><figcaption class=\"wp-element-caption\">Angyvir Padilla, Fool&#8217;s Paradise, 2018 \u00a9 Jean-Christophe Lett<\/figcaption><\/figure>\n<\/figure>\n\n\n\n<figure class=\"wp-block-gallery has-nested-images columns-default is-cropped wp-block-gallery-2 is-layout-flex wp-block-gallery-is-layout-flex\"><\/figure>\n\n\n\n<figure class=\"wp-block-gallery has-nested-images columns-default is-cropped wp-block-gallery-3 is-layout-flex wp-block-gallery-is-layout-flex\">\n<figure class=\"wp-block-image size-large\"><img decoding=\"async\" data-id=\"12367\" src=\"https:\/\/www.mjb-jmb.org\/wp-content\/uploads\/2025\/10\/1-Jim-Kaliski-Haim-dEtterbeek-1990-1990-Musee-Juif-de-Belgique.jpg\" alt=\"\" class=\"wp-image-12367\"\/><figcaption class=\"wp-element-caption\">Jim Kaliski, Hai\u0308m d&#8217;Etterbeek, 1990-1990, Joods Museum van Belgi\u00eb<\/figcaption><\/figure>\n\n\n\n<figure class=\"wp-block-image size-large\"><img loading=\"lazy\" decoding=\"async\" width=\"1500\" height=\"1125\" data-id=\"12376\" src=\"https:\/\/www.mjb-jmb.org\/wp-content\/uploads\/2025\/10\/2-Jim-Kaliski-Haim-dEtterbeek-1990-1990-Musee-Juif-de-Belgique-1500x1125.jpg\" alt=\"\" class=\"wp-image-12376\" srcset=\"https:\/\/www.mjb-jmb.org\/wp-content\/uploads\/2025\/10\/2-Jim-Kaliski-Haim-dEtterbeek-1990-1990-Musee-Juif-de-Belgique-1500x1125.jpg 1500w, https:\/\/www.mjb-jmb.org\/wp-content\/uploads\/2025\/10\/2-Jim-Kaliski-Haim-dEtterbeek-1990-1990-Musee-Juif-de-Belgique-1000x750.jpg 1000w, https:\/\/www.mjb-jmb.org\/wp-content\/uploads\/2025\/10\/2-Jim-Kaliski-Haim-dEtterbeek-1990-1990-Musee-Juif-de-Belgique-768x576.jpg 768w, https:\/\/www.mjb-jmb.org\/wp-content\/uploads\/2025\/10\/2-Jim-Kaliski-Haim-dEtterbeek-1990-1990-Musee-Juif-de-Belgique-1536x1152.jpg 1536w, https:\/\/www.mjb-jmb.org\/wp-content\/uploads\/2025\/10\/2-Jim-Kaliski-Haim-dEtterbeek-1990-1990-Musee-Juif-de-Belgique-2048x1536.jpg 2048w, https:\/\/www.mjb-jmb.org\/wp-content\/uploads\/2025\/10\/2-Jim-Kaliski-Haim-dEtterbeek-1990-1990-Musee-Juif-de-Belgique-1200x900.jpg 1200w, https:\/\/www.mjb-jmb.org\/wp-content\/uploads\/2025\/10\/2-Jim-Kaliski-Haim-dEtterbeek-1990-1990-Musee-Juif-de-Belgique-1980x1485.jpg 1980w\" sizes=\"auto, (max-width: 1500px) 100vw, 1500px\" \/><figcaption class=\"wp-element-caption\">Jim Kaliski, Hai\u0308m d&#8217;Etterbeek, 1990-1990, Joods Museum van Belgi\u00eb<\/figcaption><\/figure>\n\n\n\n<figure class=\"wp-block-image size-large\"><img decoding=\"async\" data-id=\"12370\" src=\"https:\/\/www.mjb-jmb.org\/wp-content\/uploads\/2025\/10\/3-Jim-Kaliski-Haim-dEtterbeek-1990-1990-Musee-Juif-de-Belgique-1.jpg\" alt=\"\" class=\"wp-image-12370\"\/><figcaption class=\"wp-element-caption\"><br>Jim Kaliski, Hai\u0308m d&#8217;Etterbeek, 1990-1990, Joods Museum van Belgi\u00eb<\/figcaption><\/figure>\n\n\n\n<figure class=\"wp-block-image size-large\"><img decoding=\"async\" data-id=\"12373\" src=\"https:\/\/www.mjb-jmb.org\/wp-content\/uploads\/2025\/10\/4-Jim-Kaliski-Haim-dEtterbeek-1990-1990-Musee-Juif-de-Belgique.jpg\" alt=\"\" class=\"wp-image-12373\"\/><figcaption class=\"wp-element-caption\">Jim Kaliski, Hai\u0308m d&#8217;Etterbeek, 1990-1990, Joods Museum van Belgi\u00eb<\/figcaption><\/figure>\n\n\n\n<figure class=\"wp-block-image size-large\"><img loading=\"lazy\" decoding=\"async\" width=\"1500\" height=\"1125\" data-id=\"12364\" src=\"https:\/\/www.mjb-jmb.org\/wp-content\/uploads\/2025\/10\/5-Jim-Kaliski-Terreur-en-Algerie-1998-coll-privee-1500x1125.jpg\" alt=\"\" class=\"wp-image-12364\" srcset=\"https:\/\/www.mjb-jmb.org\/wp-content\/uploads\/2025\/10\/5-Jim-Kaliski-Terreur-en-Algerie-1998-coll-privee-1500x1125.jpg 1500w, https:\/\/www.mjb-jmb.org\/wp-content\/uploads\/2025\/10\/5-Jim-Kaliski-Terreur-en-Algerie-1998-coll-privee-1000x750.jpg 1000w, https:\/\/www.mjb-jmb.org\/wp-content\/uploads\/2025\/10\/5-Jim-Kaliski-Terreur-en-Algerie-1998-coll-privee-768x576.jpg 768w, https:\/\/www.mjb-jmb.org\/wp-content\/uploads\/2025\/10\/5-Jim-Kaliski-Terreur-en-Algerie-1998-coll-privee-1536x1152.jpg 1536w, https:\/\/www.mjb-jmb.org\/wp-content\/uploads\/2025\/10\/5-Jim-Kaliski-Terreur-en-Algerie-1998-coll-privee-2048x1536.jpg 2048w, https:\/\/www.mjb-jmb.org\/wp-content\/uploads\/2025\/10\/5-Jim-Kaliski-Terreur-en-Algerie-1998-coll-privee-1200x900.jpg 1200w, https:\/\/www.mjb-jmb.org\/wp-content\/uploads\/2025\/10\/5-Jim-Kaliski-Terreur-en-Algerie-1998-coll-privee-1980x1485.jpg 1980w\" sizes=\"auto, (max-width: 1500px) 100vw, 1500px\" \/><figcaption class=\"wp-element-caption\">Jim Kaliski, Terreur en Alge\u0301rie, 1998, priv\u00e9collectie<\/figcaption><\/figure>\n\n\n\n<figure class=\"wp-block-image size-large\"><img loading=\"lazy\" decoding=\"async\" width=\"1500\" height=\"1125\" data-id=\"12361\" src=\"https:\/\/www.mjb-jmb.org\/wp-content\/uploads\/2025\/10\/6-Jim-Kaliski-Terreur-en-Algerie-1998-coll-privee-1-1500x1125.jpg\" alt=\"\" class=\"wp-image-12361\" srcset=\"https:\/\/www.mjb-jmb.org\/wp-content\/uploads\/2025\/10\/6-Jim-Kaliski-Terreur-en-Algerie-1998-coll-privee-1-1500x1125.jpg 1500w, https:\/\/www.mjb-jmb.org\/wp-content\/uploads\/2025\/10\/6-Jim-Kaliski-Terreur-en-Algerie-1998-coll-privee-1-1000x750.jpg 1000w, https:\/\/www.mjb-jmb.org\/wp-content\/uploads\/2025\/10\/6-Jim-Kaliski-Terreur-en-Algerie-1998-coll-privee-1-768x576.jpg 768w, https:\/\/www.mjb-jmb.org\/wp-content\/uploads\/2025\/10\/6-Jim-Kaliski-Terreur-en-Algerie-1998-coll-privee-1-1536x1152.jpg 1536w, https:\/\/www.mjb-jmb.org\/wp-content\/uploads\/2025\/10\/6-Jim-Kaliski-Terreur-en-Algerie-1998-coll-privee-1-2048x1537.jpg 2048w, https:\/\/www.mjb-jmb.org\/wp-content\/uploads\/2025\/10\/6-Jim-Kaliski-Terreur-en-Algerie-1998-coll-privee-1-1200x900.jpg 1200w, https:\/\/www.mjb-jmb.org\/wp-content\/uploads\/2025\/10\/6-Jim-Kaliski-Terreur-en-Algerie-1998-coll-privee-1-1980x1486.jpg 1980w\" sizes=\"auto, (max-width: 1500px) 100vw, 1500px\" \/><figcaption class=\"wp-element-caption\">Jim Kaliski, Terreur en Alge\u0301rie, 1998, priv\u00e9collectie<\/figcaption><\/figure>\n\n\n\n<figure class=\"wp-block-image size-large\"><img loading=\"lazy\" decoding=\"async\" width=\"1500\" height=\"1126\" data-id=\"12379\" src=\"https:\/\/www.mjb-jmb.org\/wp-content\/uploads\/2025\/10\/7-Jim-Kaliski-Terreur-en-Algerie-1998-coll-privee-1500x1126.jpg\" alt=\"\" class=\"wp-image-12379\" srcset=\"https:\/\/www.mjb-jmb.org\/wp-content\/uploads\/2025\/10\/7-Jim-Kaliski-Terreur-en-Algerie-1998-coll-privee-1500x1126.jpg 1500w, https:\/\/www.mjb-jmb.org\/wp-content\/uploads\/2025\/10\/7-Jim-Kaliski-Terreur-en-Algerie-1998-coll-privee-1000x750.jpg 1000w, https:\/\/www.mjb-jmb.org\/wp-content\/uploads\/2025\/10\/7-Jim-Kaliski-Terreur-en-Algerie-1998-coll-privee-768x576.jpg 768w, https:\/\/www.mjb-jmb.org\/wp-content\/uploads\/2025\/10\/7-Jim-Kaliski-Terreur-en-Algerie-1998-coll-privee-1536x1153.jpg 1536w, https:\/\/www.mjb-jmb.org\/wp-content\/uploads\/2025\/10\/7-Jim-Kaliski-Terreur-en-Algerie-1998-coll-privee-2048x1537.jpg 2048w, https:\/\/www.mjb-jmb.org\/wp-content\/uploads\/2025\/10\/7-Jim-Kaliski-Terreur-en-Algerie-1998-coll-privee-1200x900.jpg 1200w, https:\/\/www.mjb-jmb.org\/wp-content\/uploads\/2025\/10\/7-Jim-Kaliski-Terreur-en-Algerie-1998-coll-privee-1980x1486.jpg 1980w\" sizes=\"auto, (max-width: 1500px) 100vw, 1500px\" \/><figcaption class=\"wp-element-caption\">Jim Kaliski, Terreur en Alge\u0301rie, 1998, priv\u00e9collectie<\/figcaption><\/figure>\n<\/figure>\n\n\n\n<p>In samenwerking met het Art et marges museum.<\/p>\n\n\n\n<figure class=\"wp-block-image size-large is-resized\"><img loading=\"lazy\" decoding=\"async\" width=\"1500\" height=\"1500\" src=\"https:\/\/www.mjb-jmb.org\/wp-content\/uploads\/2025\/10\/logo-general-fond-noir-1500x1500.png\" alt=\"\" class=\"wp-image-12344\" style=\"width:135px;height:auto\" srcset=\"https:\/\/www.mjb-jmb.org\/wp-content\/uploads\/2025\/10\/logo-general-fond-noir-1500x1500.png 1500w, https:\/\/www.mjb-jmb.org\/wp-content\/uploads\/2025\/10\/logo-general-fond-noir-1000x1000.png 1000w, https:\/\/www.mjb-jmb.org\/wp-content\/uploads\/2025\/10\/logo-general-fond-noir-500x500.png 500w, https:\/\/www.mjb-jmb.org\/wp-content\/uploads\/2025\/10\/logo-general-fond-noir-768x768.png 768w, https:\/\/www.mjb-jmb.org\/wp-content\/uploads\/2025\/10\/logo-general-fond-noir-1536x1536.png 1536w, https:\/\/www.mjb-jmb.org\/wp-content\/uploads\/2025\/10\/logo-general-fond-noir-2048x2048.png 2048w, https:\/\/www.mjb-jmb.org\/wp-content\/uploads\/2025\/10\/logo-general-fond-noir-1200x1200.png 1200w, https:\/\/www.mjb-jmb.org\/wp-content\/uploads\/2025\/10\/logo-general-fond-noir-1980x1980.png 1980w\" sizes=\"auto, (max-width: 1500px) 100vw, 1500px\" \/><\/figure>\n\n\n\n<p><\/p>\n","protected":false},"excerpt":{"rendered":"<p>AUSSI LOIN QU\u2019ICI 13.11.2025\u201429.03.2026 Het Joods Museum van Belgi\u00eb vestigt zich in het Mus\u00e9e Art et Marges met de tentoonstelling&#8230;<\/p>\n","protected":false},"author":2,"featured_media":12341,"comment_status":"closed","ping_status":"closed","sticky":false,"template":"","format":"standard","meta":{"footnotes":""},"categories":[20],"tags":[],"class_list":["post-12409","post","type-post","status-publish","format-standard","has-post-thumbnail","hentry","category-tentoonstellingen"],"acf":[],"_links":{"self":[{"href":"https:\/\/www.mjb-jmb.org\/nl\/wp-json\/wp\/v2\/posts\/12409","targetHints":{"allow":["GET"]}}],"collection":[{"href":"https:\/\/www.mjb-jmb.org\/nl\/wp-json\/wp\/v2\/posts"}],"about":[{"href":"https:\/\/www.mjb-jmb.org\/nl\/wp-json\/wp\/v2\/types\/post"}],"author":[{"embeddable":true,"href":"https:\/\/www.mjb-jmb.org\/nl\/wp-json\/wp\/v2\/users\/2"}],"replies":[{"embeddable":true,"href":"https:\/\/www.mjb-jmb.org\/nl\/wp-json\/wp\/v2\/comments?post=12409"}],"version-history":[{"count":6,"href":"https:\/\/www.mjb-jmb.org\/nl\/wp-json\/wp\/v2\/posts\/12409\/revisions"}],"predecessor-version":[{"id":12449,"href":"https:\/\/www.mjb-jmb.org\/nl\/wp-json\/wp\/v2\/posts\/12409\/revisions\/12449"}],"wp:featuredmedia":[{"embeddable":true,"href":"https:\/\/www.mjb-jmb.org\/nl\/wp-json\/wp\/v2\/media\/12341"}],"wp:attachment":[{"href":"https:\/\/www.mjb-jmb.org\/nl\/wp-json\/wp\/v2\/media?parent=12409"}],"wp:term":[{"taxonomy":"category","embeddable":true,"href":"https:\/\/www.mjb-jmb.org\/nl\/wp-json\/wp\/v2\/categories?post=12409"},{"taxonomy":"post_tag","embeddable":true,"href":"https:\/\/www.mjb-jmb.org\/nl\/wp-json\/wp\/v2\/tags?post=12409"}],"curies":[{"name":"wp","href":"https:\/\/api.w.org\/{rel}","templated":true}]}}