{"id":12410,"date":"2025-10-22T13:44:32","date_gmt":"2025-10-22T11:44:32","guid":{"rendered":"https:\/\/www.mjb-jmb.org\/le-musee-juif-de-belgique-sinstalle-au-musee-art-et-marges-avec-lexposition-aussi-loin-quici\/"},"modified":"2025-10-28T13:17:47","modified_gmt":"2025-10-28T12:17:47","slug":"le-musee-juif-de-belgique-sinstalle-au-musee-art-et-marges-avec-lexposition-aussi-loin-quici","status":"publish","type":"post","link":"https:\/\/www.mjb-jmb.org\/en\/le-musee-juif-de-belgique-sinstalle-au-musee-art-et-marges-avec-lexposition-aussi-loin-quici\/","title":{"rendered":"The Jewish Museum of Belgium is setting up at the Art et Marges Museum with the exhibition \u201cAussi loin qu\u2019ici\u201d"},"content":{"rendered":"\n<h1 class=\"wp-block-heading\">AUSSI LOIN QU\u2019ICI  13.11.2025\u201429.03.2026<\/h1>\n\n\n\n<p><\/p>\n\n\n\n<p>The Jewish Museum of Belgium is setting up at the Art et Marges Museum with the exhibition \u201cAussi loin qu\u2019ici\u201d (As Far as Here).<\/p>\n\n\n\n<p>For the second part of the exhibition \u201c Aussi loin qu\u2019ici\u201d (As Far As Here), the Jewish Museum of Belgium presents a unique dialogue on memory and territory.<\/p>\n\n\n\n<p>With Fool&#8217;s Paradise, <strong>Angyvir Padilla<\/strong> (1987, Venezuela) composes a fragmented landscape where exile, loss, and matter intermingle. On the ground, black coal, burnt residue, welcomes ceramic forms, like bodies on the verge of collapse but still holding on. This unstable territory is traversed by a voice, that of the artist, singing a Venezuelan melody. The landscape becomes an emotional and political space, traversed by ruins, memories, and reconstructions. Between here and elsewhere, between presence and absence, Padilla invents a shifting \u201chome,\u201d shaped by the traces and gestures of everyday life.<\/p>\n\n\n\n<p>For <strong>Jim Kaliski <\/strong>(1929\u20132015, Belgium), too, territory serves as a field of memory and resistance. His first series refers to his formative childhood experience, marked by the Holocaust: as a hidden Jewish child, he escaped deportation, while his father was murdered in Auschwitz. Later, at the age of over sixty, he turned to drawing as a self-taught artist, as if to reestablish a dialogue with the world. Imbued with an obsession with detail, his works seek to give form to the unspeakable and to inscribe memory in gesture. The second series, dedicated to the violence in Algeria in the 1990s, extends this memory to other geographies, making the intimate a prism through which to read the tragedies of the 20th century. In these drawings, which focus closely on people and places, Kaliski inscribes a silent solidarity between victims and reminds us that \u201call the bleached bodies of all genocides resemble each other and come together.<\/p>\n\n\n\n<p>The practices of Angyvir Padilla and Jim Kaliski, formally distant, converge in their shared focus on territory as a place of memory. Elsewhere intertwines with here, traces of the past cross the present, the intimate becomes History. Memory is no longer just a testimony, but an act of resistance\u2014a way of inhabiting the present differently. Yet one nagging question remains: how can we feel at home in a world marked by displacement and loss?<\/p>\n\n\n\n<p>***<\/p>\n\n\n\n<p><strong>Angyvir Padilla<\/strong> (1987, Venezuela) is an artist who frequently combines installation art with sculpture, performance, photography, video, and sound. She takes as her starting point domestic elements from her youth in Venezuela, which she transposes into a different environment: she seeks to recreate the impression of family intimacy in order to preserve a trace of what once existed, while opening up new narratives of personal reconciliation. The issue of migration is addressed through her own experience, but also sometimes through female figures in her family, as well as through the use of voice and material as vectors of memory. Revived in another cultural context, these personal traces question how past experiences allow us to anchor ourselves in the world.<\/p>\n\n\n\n<p><strong>Jim Kaliski <\/strong>(1929\u20132015, Belgium) was a self-taught artist whose life was profoundly marked by the Holocaust. Born into a Jewish family, he was forced to go into hiding to escape deportation, while his father was arrested and murdered in Auschwitz. This experience as a teenager would mark him for life, but it was not until the age of sixty that he began drawing to tell his story. With his hyperthymesia, he bears witness to the violence of his century as a way of transcending his personal experience. His thousands of drawings remind us, in his own words, that \u201call the bleached bodies of all genocides look alike and come together in stench and abomination.\u201d<\/p>\n\n\n\n<p>***<\/p>\n\n\n\n<p><strong>VERNISSAGE<\/strong><\/p>\n\n\n\n<p><strong>THURSDAY, NOVEMBER 13, 2025, 6:00 pm \u20148:30 pm<\/strong><\/p>\n\n\n\n<p>With works by Yassir Amazine, Aim\u00e9 Bahati, Nour Ben Slimane, Sergio Carrasco Olave, Georges Cauchy, Sylvain Corentin, Adam Cicherski, Sylvain Cosijns, Heide De Bruyne, Germana Dragna, Sebasti\u00e1n Ferreira, Michael Golz, Juanma Gonzalez, Richard Greaves, Julie Hasco\u00ebt, Josef Hofer, Jeroen Hollander, Jim Kaliski, C\u00f4me Lequin, Maxime Mormont, Rapha\u00ebl Michel, Ludovic Mennesson, Mark Anthony Mulligan, Micha\u00ebl Mvukani Mpiolani, Fernando Oreste Nannetti, Helmut Nimczewski, Angyvir Padilla, Ad\u00e8le Pion, Andr\u00e9 Prues, Melina Riccio, Andr\u00e9 Robillard, Jean-Pierre Rostenne, Marie Steins, Mohammed Targa, Donatien Toma Ndani Djemelas, Koki Ueshima, Warren Van Ess, Willem Van Genk, G\u00e9rard Van Lankveld, Marc Vervloet.<\/p>\n\n\n\n<figure class=\"wp-block-gallery has-nested-images columns-default is-cropped wp-block-gallery-1 is-layout-flex wp-block-gallery-is-layout-flex\">\n<figure class=\"wp-block-image size-large\"><img loading=\"lazy\" decoding=\"async\" width=\"1001\" height=\"1500\" data-id=\"12394\" src=\"https:\/\/www.mjb-jmb.org\/wp-content\/uploads\/2025\/10\/2.-Angyvir-Padilla-Fools-Paradise-2018-\u00a9-Chantal-van-Rij-1001x1500.jpg\" alt=\"\" class=\"wp-image-12394\" srcset=\"https:\/\/www.mjb-jmb.org\/wp-content\/uploads\/2025\/10\/2.-Angyvir-Padilla-Fools-Paradise-2018-\u00a9-Chantal-van-Rij-1001x1500.jpg 1001w, https:\/\/www.mjb-jmb.org\/wp-content\/uploads\/2025\/10\/2.-Angyvir-Padilla-Fools-Paradise-2018-\u00a9-Chantal-van-Rij-667x1000.jpg 667w, https:\/\/www.mjb-jmb.org\/wp-content\/uploads\/2025\/10\/2.-Angyvir-Padilla-Fools-Paradise-2018-\u00a9-Chantal-van-Rij-768x1151.jpg 768w, https:\/\/www.mjb-jmb.org\/wp-content\/uploads\/2025\/10\/2.-Angyvir-Padilla-Fools-Paradise-2018-\u00a9-Chantal-van-Rij-1025x1536.jpg 1025w, https:\/\/www.mjb-jmb.org\/wp-content\/uploads\/2025\/10\/2.-Angyvir-Padilla-Fools-Paradise-2018-\u00a9-Chantal-van-Rij-1367x2048.jpg 1367w, https:\/\/www.mjb-jmb.org\/wp-content\/uploads\/2025\/10\/2.-Angyvir-Padilla-Fools-Paradise-2018-\u00a9-Chantal-van-Rij-1200x1798.jpg 1200w, https:\/\/www.mjb-jmb.org\/wp-content\/uploads\/2025\/10\/2.-Angyvir-Padilla-Fools-Paradise-2018-\u00a9-Chantal-van-Rij.jpg 1500w\" sizes=\"auto, (max-width: 1001px) 100vw, 1001px\" \/><figcaption class=\"wp-element-caption\">Angyvir Padilla, Fool&#8217;s Paradise, 2018 \u00a9 Chantal van Rij<\/figcaption><\/figure>\n\n\n\n<figure class=\"wp-block-image size-large\"><img loading=\"lazy\" decoding=\"async\" width=\"1500\" height=\"1000\" data-id=\"12400\" src=\"https:\/\/www.mjb-jmb.org\/wp-content\/uploads\/2025\/10\/7.-Angyvir-Padilla-Fools-Paradise-2018-\u00a9-Silvia-Cappellari-2-1500x1000.jpg\" alt=\"\" class=\"wp-image-12400\" srcset=\"https:\/\/www.mjb-jmb.org\/wp-content\/uploads\/2025\/10\/7.-Angyvir-Padilla-Fools-Paradise-2018-\u00a9-Silvia-Cappellari-2-1500x1000.jpg 1500w, https:\/\/www.mjb-jmb.org\/wp-content\/uploads\/2025\/10\/7.-Angyvir-Padilla-Fools-Paradise-2018-\u00a9-Silvia-Cappellari-2-1000x667.jpg 1000w, https:\/\/www.mjb-jmb.org\/wp-content\/uploads\/2025\/10\/7.-Angyvir-Padilla-Fools-Paradise-2018-\u00a9-Silvia-Cappellari-2-768x512.jpg 768w, https:\/\/www.mjb-jmb.org\/wp-content\/uploads\/2025\/10\/7.-Angyvir-Padilla-Fools-Paradise-2018-\u00a9-Silvia-Cappellari-2-1536x1024.jpg 1536w\" sizes=\"auto, (max-width: 1500px) 100vw, 1500px\" \/><figcaption class=\"wp-element-caption\">Angyvir Padilla, Fool&#8217;s Paradise, 2018 \u00a9 Silvia Cappellari<\/figcaption><\/figure>\n\n\n\n<figure class=\"wp-block-image size-large\"><img loading=\"lazy\" decoding=\"async\" width=\"1000\" height=\"1500\" data-id=\"12385\" src=\"https:\/\/www.mjb-jmb.org\/wp-content\/uploads\/2025\/10\/4-Angyvir-Padilla-Fools-Paradise-2018-\u00a9-Jean-Christophe-Lettt-1000x1500.jpg\" alt=\"\" class=\"wp-image-12385\" srcset=\"https:\/\/www.mjb-jmb.org\/wp-content\/uploads\/2025\/10\/4-Angyvir-Padilla-Fools-Paradise-2018-\u00a9-Jean-Christophe-Lettt-1000x1500.jpg 1000w, https:\/\/www.mjb-jmb.org\/wp-content\/uploads\/2025\/10\/4-Angyvir-Padilla-Fools-Paradise-2018-\u00a9-Jean-Christophe-Lettt-667x1000.jpg 667w, https:\/\/www.mjb-jmb.org\/wp-content\/uploads\/2025\/10\/4-Angyvir-Padilla-Fools-Paradise-2018-\u00a9-Jean-Christophe-Lettt-768x1152.jpg 768w, https:\/\/www.mjb-jmb.org\/wp-content\/uploads\/2025\/10\/4-Angyvir-Padilla-Fools-Paradise-2018-\u00a9-Jean-Christophe-Lettt-1024x1536.jpg 1024w, https:\/\/www.mjb-jmb.org\/wp-content\/uploads\/2025\/10\/4-Angyvir-Padilla-Fools-Paradise-2018-\u00a9-Jean-Christophe-Lettt-1365x2048.jpg 1365w, https:\/\/www.mjb-jmb.org\/wp-content\/uploads\/2025\/10\/4-Angyvir-Padilla-Fools-Paradise-2018-\u00a9-Jean-Christophe-Lettt-1200x1800.jpg 1200w, https:\/\/www.mjb-jmb.org\/wp-content\/uploads\/2025\/10\/4-Angyvir-Padilla-Fools-Paradise-2018-\u00a9-Jean-Christophe-Lettt-scaled.jpg 1707w\" sizes=\"auto, (max-width: 1000px) 100vw, 1000px\" \/><figcaption class=\"wp-element-caption\">Angyvir Padilla, Fool&#8217;s Paradise, 2018 \u00a9 Jean-Christophe Lettt<\/figcaption><\/figure>\n\n\n\n<figure class=\"wp-block-image size-large\"><img loading=\"lazy\" decoding=\"async\" width=\"1500\" height=\"1000\" data-id=\"12388\" src=\"https:\/\/www.mjb-jmb.org\/wp-content\/uploads\/2025\/10\/5.-Angyvir-Padilla-Fools-Paradise-2018-\u00a9-Jean-Christophe-Lett-2-1500x1000.jpg\" alt=\"\" class=\"wp-image-12388\" srcset=\"https:\/\/www.mjb-jmb.org\/wp-content\/uploads\/2025\/10\/5.-Angyvir-Padilla-Fools-Paradise-2018-\u00a9-Jean-Christophe-Lett-2-1500x1000.jpg 1500w, https:\/\/www.mjb-jmb.org\/wp-content\/uploads\/2025\/10\/5.-Angyvir-Padilla-Fools-Paradise-2018-\u00a9-Jean-Christophe-Lett-2-1000x667.jpg 1000w, https:\/\/www.mjb-jmb.org\/wp-content\/uploads\/2025\/10\/5.-Angyvir-Padilla-Fools-Paradise-2018-\u00a9-Jean-Christophe-Lett-2-768x512.jpg 768w, https:\/\/www.mjb-jmb.org\/wp-content\/uploads\/2025\/10\/5.-Angyvir-Padilla-Fools-Paradise-2018-\u00a9-Jean-Christophe-Lett-2-1536x1024.jpg 1536w, https:\/\/www.mjb-jmb.org\/wp-content\/uploads\/2025\/10\/5.-Angyvir-Padilla-Fools-Paradise-2018-\u00a9-Jean-Christophe-Lett-2-2048x1365.jpg 2048w, https:\/\/www.mjb-jmb.org\/wp-content\/uploads\/2025\/10\/5.-Angyvir-Padilla-Fools-Paradise-2018-\u00a9-Jean-Christophe-Lett-2-1200x800.jpg 1200w, https:\/\/www.mjb-jmb.org\/wp-content\/uploads\/2025\/10\/5.-Angyvir-Padilla-Fools-Paradise-2018-\u00a9-Jean-Christophe-Lett-2-1980x1320.jpg 1980w\" sizes=\"auto, (max-width: 1500px) 100vw, 1500px\" \/><figcaption class=\"wp-element-caption\">Angyvir Padilla, Fool&#8217;s Paradise, 2018 \u00a9 Jean-Christophe Lett<\/figcaption><\/figure>\n<\/figure>\n\n\n\n<figure class=\"wp-block-gallery has-nested-images columns-default is-cropped wp-block-gallery-2 is-layout-flex wp-block-gallery-is-layout-flex\"><\/figure>\n\n\n\n<figure class=\"wp-block-gallery has-nested-images columns-default is-cropped wp-block-gallery-3 is-layout-flex wp-block-gallery-is-layout-flex\">\n<figure class=\"wp-block-image size-large\"><img decoding=\"async\" data-id=\"12367\" src=\"https:\/\/www.mjb-jmb.org\/wp-content\/uploads\/2025\/10\/1-Jim-Kaliski-Haim-dEtterbeek-1990-1990-Musee-Juif-de-Belgique.jpg\" alt=\"\" class=\"wp-image-12367\"\/><figcaption class=\"wp-element-caption\">Jim Kaliski, Hai\u0308m d&#8217;Etterbeek, 1990-1990, Jewish Museum of Belgium<\/figcaption><\/figure>\n\n\n\n<figure class=\"wp-block-image size-large\"><img loading=\"lazy\" decoding=\"async\" width=\"1500\" height=\"1125\" data-id=\"12376\" src=\"https:\/\/www.mjb-jmb.org\/wp-content\/uploads\/2025\/10\/2-Jim-Kaliski-Haim-dEtterbeek-1990-1990-Musee-Juif-de-Belgique-1500x1125.jpg\" alt=\"\" class=\"wp-image-12376\" srcset=\"https:\/\/www.mjb-jmb.org\/wp-content\/uploads\/2025\/10\/2-Jim-Kaliski-Haim-dEtterbeek-1990-1990-Musee-Juif-de-Belgique-1500x1125.jpg 1500w, https:\/\/www.mjb-jmb.org\/wp-content\/uploads\/2025\/10\/2-Jim-Kaliski-Haim-dEtterbeek-1990-1990-Musee-Juif-de-Belgique-1000x750.jpg 1000w, https:\/\/www.mjb-jmb.org\/wp-content\/uploads\/2025\/10\/2-Jim-Kaliski-Haim-dEtterbeek-1990-1990-Musee-Juif-de-Belgique-768x576.jpg 768w, https:\/\/www.mjb-jmb.org\/wp-content\/uploads\/2025\/10\/2-Jim-Kaliski-Haim-dEtterbeek-1990-1990-Musee-Juif-de-Belgique-1536x1152.jpg 1536w, https:\/\/www.mjb-jmb.org\/wp-content\/uploads\/2025\/10\/2-Jim-Kaliski-Haim-dEtterbeek-1990-1990-Musee-Juif-de-Belgique-2048x1536.jpg 2048w, https:\/\/www.mjb-jmb.org\/wp-content\/uploads\/2025\/10\/2-Jim-Kaliski-Haim-dEtterbeek-1990-1990-Musee-Juif-de-Belgique-1200x900.jpg 1200w, https:\/\/www.mjb-jmb.org\/wp-content\/uploads\/2025\/10\/2-Jim-Kaliski-Haim-dEtterbeek-1990-1990-Musee-Juif-de-Belgique-1980x1485.jpg 1980w\" sizes=\"auto, (max-width: 1500px) 100vw, 1500px\" \/><figcaption class=\"wp-element-caption\">Jim Kaliski, Hai\u0308m d&#8217;Etterbeek, 1990-1990, Jewish Museum of Belgium<\/figcaption><\/figure>\n\n\n\n<figure class=\"wp-block-image size-large\"><img decoding=\"async\" data-id=\"12370\" src=\"https:\/\/www.mjb-jmb.org\/wp-content\/uploads\/2025\/10\/3-Jim-Kaliski-Haim-dEtterbeek-1990-1990-Musee-Juif-de-Belgique-1.jpg\" alt=\"\" class=\"wp-image-12370\"\/><figcaption class=\"wp-element-caption\"><br>Jim Kaliski, Hai\u0308m d&#8217;Etterbeek, 1990-1990, Jewish Museum of Belgium<\/figcaption><\/figure>\n\n\n\n<figure class=\"wp-block-image size-large\"><img decoding=\"async\" data-id=\"12373\" src=\"https:\/\/www.mjb-jmb.org\/wp-content\/uploads\/2025\/10\/4-Jim-Kaliski-Haim-dEtterbeek-1990-1990-Musee-Juif-de-Belgique.jpg\" alt=\"\" class=\"wp-image-12373\"\/><figcaption class=\"wp-element-caption\">Jim Kaliski, Hai\u0308m d&#8217;Etterbeek, 1990-1990, Jewish Museum of Belgium<\/figcaption><\/figure>\n\n\n\n<figure class=\"wp-block-image size-large\"><img loading=\"lazy\" decoding=\"async\" width=\"1500\" height=\"1125\" data-id=\"12364\" src=\"https:\/\/www.mjb-jmb.org\/wp-content\/uploads\/2025\/10\/5-Jim-Kaliski-Terreur-en-Algerie-1998-coll-privee-1500x1125.jpg\" alt=\"\" class=\"wp-image-12364\" srcset=\"https:\/\/www.mjb-jmb.org\/wp-content\/uploads\/2025\/10\/5-Jim-Kaliski-Terreur-en-Algerie-1998-coll-privee-1500x1125.jpg 1500w, https:\/\/www.mjb-jmb.org\/wp-content\/uploads\/2025\/10\/5-Jim-Kaliski-Terreur-en-Algerie-1998-coll-privee-1000x750.jpg 1000w, https:\/\/www.mjb-jmb.org\/wp-content\/uploads\/2025\/10\/5-Jim-Kaliski-Terreur-en-Algerie-1998-coll-privee-768x576.jpg 768w, https:\/\/www.mjb-jmb.org\/wp-content\/uploads\/2025\/10\/5-Jim-Kaliski-Terreur-en-Algerie-1998-coll-privee-1536x1152.jpg 1536w, https:\/\/www.mjb-jmb.org\/wp-content\/uploads\/2025\/10\/5-Jim-Kaliski-Terreur-en-Algerie-1998-coll-privee-2048x1536.jpg 2048w, https:\/\/www.mjb-jmb.org\/wp-content\/uploads\/2025\/10\/5-Jim-Kaliski-Terreur-en-Algerie-1998-coll-privee-1200x900.jpg 1200w, https:\/\/www.mjb-jmb.org\/wp-content\/uploads\/2025\/10\/5-Jim-Kaliski-Terreur-en-Algerie-1998-coll-privee-1980x1485.jpg 1980w\" sizes=\"auto, (max-width: 1500px) 100vw, 1500px\" \/><figcaption class=\"wp-element-caption\">Jim Kaliski, Terror in Algeria, 1998, private collection<\/figcaption><\/figure>\n\n\n\n<figure class=\"wp-block-image size-large\"><img loading=\"lazy\" decoding=\"async\" width=\"1500\" height=\"1125\" data-id=\"12361\" src=\"https:\/\/www.mjb-jmb.org\/wp-content\/uploads\/2025\/10\/6-Jim-Kaliski-Terreur-en-Algerie-1998-coll-privee-1-1500x1125.jpg\" alt=\"\" class=\"wp-image-12361\" srcset=\"https:\/\/www.mjb-jmb.org\/wp-content\/uploads\/2025\/10\/6-Jim-Kaliski-Terreur-en-Algerie-1998-coll-privee-1-1500x1125.jpg 1500w, https:\/\/www.mjb-jmb.org\/wp-content\/uploads\/2025\/10\/6-Jim-Kaliski-Terreur-en-Algerie-1998-coll-privee-1-1000x750.jpg 1000w, https:\/\/www.mjb-jmb.org\/wp-content\/uploads\/2025\/10\/6-Jim-Kaliski-Terreur-en-Algerie-1998-coll-privee-1-768x576.jpg 768w, https:\/\/www.mjb-jmb.org\/wp-content\/uploads\/2025\/10\/6-Jim-Kaliski-Terreur-en-Algerie-1998-coll-privee-1-1536x1152.jpg 1536w, https:\/\/www.mjb-jmb.org\/wp-content\/uploads\/2025\/10\/6-Jim-Kaliski-Terreur-en-Algerie-1998-coll-privee-1-2048x1537.jpg 2048w, https:\/\/www.mjb-jmb.org\/wp-content\/uploads\/2025\/10\/6-Jim-Kaliski-Terreur-en-Algerie-1998-coll-privee-1-1200x900.jpg 1200w, https:\/\/www.mjb-jmb.org\/wp-content\/uploads\/2025\/10\/6-Jim-Kaliski-Terreur-en-Algerie-1998-coll-privee-1-1980x1486.jpg 1980w\" sizes=\"auto, (max-width: 1500px) 100vw, 1500px\" \/><figcaption class=\"wp-element-caption\">Jim Kaliski, Terror in Algeria, 1998, private collection<\/figcaption><\/figure>\n\n\n\n<figure class=\"wp-block-image size-large\"><img loading=\"lazy\" decoding=\"async\" width=\"1500\" height=\"1126\" data-id=\"12379\" src=\"https:\/\/www.mjb-jmb.org\/wp-content\/uploads\/2025\/10\/7-Jim-Kaliski-Terreur-en-Algerie-1998-coll-privee-1500x1126.jpg\" alt=\"\" class=\"wp-image-12379\" srcset=\"https:\/\/www.mjb-jmb.org\/wp-content\/uploads\/2025\/10\/7-Jim-Kaliski-Terreur-en-Algerie-1998-coll-privee-1500x1126.jpg 1500w, https:\/\/www.mjb-jmb.org\/wp-content\/uploads\/2025\/10\/7-Jim-Kaliski-Terreur-en-Algerie-1998-coll-privee-1000x750.jpg 1000w, https:\/\/www.mjb-jmb.org\/wp-content\/uploads\/2025\/10\/7-Jim-Kaliski-Terreur-en-Algerie-1998-coll-privee-768x576.jpg 768w, https:\/\/www.mjb-jmb.org\/wp-content\/uploads\/2025\/10\/7-Jim-Kaliski-Terreur-en-Algerie-1998-coll-privee-1536x1153.jpg 1536w, https:\/\/www.mjb-jmb.org\/wp-content\/uploads\/2025\/10\/7-Jim-Kaliski-Terreur-en-Algerie-1998-coll-privee-2048x1537.jpg 2048w, https:\/\/www.mjb-jmb.org\/wp-content\/uploads\/2025\/10\/7-Jim-Kaliski-Terreur-en-Algerie-1998-coll-privee-1200x900.jpg 1200w, https:\/\/www.mjb-jmb.org\/wp-content\/uploads\/2025\/10\/7-Jim-Kaliski-Terreur-en-Algerie-1998-coll-privee-1980x1486.jpg 1980w\" sizes=\"auto, (max-width: 1500px) 100vw, 1500px\" \/><figcaption class=\"wp-element-caption\">Jim Kaliski, Terror in Algeria, 1998, private collection<\/figcaption><\/figure>\n<\/figure>\n\n\n\n<p>In partnership with the Art et Marges Museum.<\/p>\n\n\n\n<figure class=\"wp-block-image size-large is-resized\"><img loading=\"lazy\" decoding=\"async\" width=\"1500\" height=\"1500\" src=\"https:\/\/www.mjb-jmb.org\/wp-content\/uploads\/2025\/10\/logo-general-fond-noir-1500x1500.png\" alt=\"\" class=\"wp-image-12343\" style=\"width:115px;height:auto\" srcset=\"https:\/\/www.mjb-jmb.org\/wp-content\/uploads\/2025\/10\/logo-general-fond-noir-1500x1500.png 1500w, https:\/\/www.mjb-jmb.org\/wp-content\/uploads\/2025\/10\/logo-general-fond-noir-1000x1000.png 1000w, https:\/\/www.mjb-jmb.org\/wp-content\/uploads\/2025\/10\/logo-general-fond-noir-500x500.png 500w, https:\/\/www.mjb-jmb.org\/wp-content\/uploads\/2025\/10\/logo-general-fond-noir-768x768.png 768w, https:\/\/www.mjb-jmb.org\/wp-content\/uploads\/2025\/10\/logo-general-fond-noir-1536x1536.png 1536w, https:\/\/www.mjb-jmb.org\/wp-content\/uploads\/2025\/10\/logo-general-fond-noir-2048x2048.png 2048w, https:\/\/www.mjb-jmb.org\/wp-content\/uploads\/2025\/10\/logo-general-fond-noir-1200x1200.png 1200w, https:\/\/www.mjb-jmb.org\/wp-content\/uploads\/2025\/10\/logo-general-fond-noir-1980x1980.png 1980w\" sizes=\"auto, (max-width: 1500px) 100vw, 1500px\" \/><\/figure>\n\n\n\n<p><\/p>\n","protected":false},"excerpt":{"rendered":"<p>AUSSI LOIN QU\u2019ICI 13.11.2025\u201429.03.2026 The Jewish Museum of Belgium is setting up at the Art et Marges Museum with the&#8230;<\/p>\n","protected":false},"author":2,"featured_media":12342,"comment_status":"closed","ping_status":"closed","sticky":false,"template":"","format":"standard","meta":{"footnotes":""},"categories":[56],"tags":[],"class_list":["post-12410","post","type-post","status-publish","format-standard","has-post-thumbnail","hentry","category-exhibition"],"acf":[],"_links":{"self":[{"href":"https:\/\/www.mjb-jmb.org\/en\/wp-json\/wp\/v2\/posts\/12410","targetHints":{"allow":["GET"]}}],"collection":[{"href":"https:\/\/www.mjb-jmb.org\/en\/wp-json\/wp\/v2\/posts"}],"about":[{"href":"https:\/\/www.mjb-jmb.org\/en\/wp-json\/wp\/v2\/types\/post"}],"author":[{"embeddable":true,"href":"https:\/\/www.mjb-jmb.org\/en\/wp-json\/wp\/v2\/users\/2"}],"replies":[{"embeddable":true,"href":"https:\/\/www.mjb-jmb.org\/en\/wp-json\/wp\/v2\/comments?post=12410"}],"version-history":[{"count":4,"href":"https:\/\/www.mjb-jmb.org\/en\/wp-json\/wp\/v2\/posts\/12410\/revisions"}],"predecessor-version":[{"id":12450,"href":"https:\/\/www.mjb-jmb.org\/en\/wp-json\/wp\/v2\/posts\/12410\/revisions\/12450"}],"wp:featuredmedia":[{"embeddable":true,"href":"https:\/\/www.mjb-jmb.org\/en\/wp-json\/wp\/v2\/media\/12342"}],"wp:attachment":[{"href":"https:\/\/www.mjb-jmb.org\/en\/wp-json\/wp\/v2\/media?parent=12410"}],"wp:term":[{"taxonomy":"category","embeddable":true,"href":"https:\/\/www.mjb-jmb.org\/en\/wp-json\/wp\/v2\/categories?post=12410"},{"taxonomy":"post_tag","embeddable":true,"href":"https:\/\/www.mjb-jmb.org\/en\/wp-json\/wp\/v2\/tags?post=12410"}],"curies":[{"name":"wp","href":"https:\/\/api.w.org\/{rel}","templated":true}]}}